{"id":2299441,"date":"2024-10-16T12:09:33","date_gmt":"2024-10-16T09:09:33","guid":{"rendered":"https:\/\/horticom.ee\/e-pood\/?p=2299441"},"modified":"2024-10-16T12:09:33","modified_gmt":"2024-10-16T09:09:33","slug":"kulva-pusililli-juba-oktoobris","status":"publish","type":"post","link":"https:\/\/horticom.ee\/e-pood\/kulva-pusililli-juba-oktoobris\/","title":{"rendered":"K\u00fclva p\u00fcsililli juba oktoobris"},"content":{"rendered":"<p><strong>Pikka k\u00fclmaperioodi (temperatuur on 3\u20134 kuud 0\u00b0 l\u00e4hedal) vajavaid p\u00fcsilillede liike on ideaalne k\u00fclvata s\u00fcgisel vahetult enne talve saabumist. K\u00f5ige hiljemalt tuleks seda teha novembris, sest siis saavad nad kevadeks k\u00e4tte vajalikul m\u00e4\u00e4ral jahedust. <\/strong><\/p>\n<p>K\u00fclvi \u00f5nnestumiseks on oluline teada, et seemned peavad enne p\u00fcsivaid k\u00fclmi end vett t\u00e4is imema, milleks kulub paar n\u00e4dalat. Liiga hilja k\u00fclvates, kui muld kohe l\u00e4bi k\u00fclmub, ei muutu seemned piisavalt niiskeks ja puhkeseisundist v\u00e4ljatulek on p\u00e4rsitud. \u00d5nneks on meil talve jooksul sageli sulasid, mil seemned saavad veeimamist j\u00e4tkata.<\/p>\n<p>P\u00fcsililli on hea ise k\u00fclvata n\u00e4iteks siis, kui soovid rajada uhke peenra, kuhu vajad korraga palju taimi. Nii saad kindlasti raha p\u00e4ris palju kokku hoida. Samuti on <a href=\"https:\/\/horticom.ee\/e-pood\/tootekategooria\/seemned\/lilleseemned\/\" target=\"_blank\" rel=\"noopener\">lilleseemnete<\/a> valik v\u00e4ga lai ning seega saad valida just endale meelep\u00e4rased p\u00fcsilillede sordid, mida \u00fchestki aia\u00e4rist v\u00f5i taimelaadalt pole \u00f5nnestunud leida.<\/p>\n<p>&nbsp;<\/p>\n<h2><strong>Kuhu k\u00fclvata?<\/strong><\/h2>\n<p>K\u00fclvamiseks sobivad k\u00f5ik <a href=\"https:\/\/horticom.ee\/e-pood\/toode\/nelikantpott-9-x-9-x-10cm-must-10tk\/\" target=\"_blank\" rel=\"noopener\">potid<\/a>, topsid ja karbikesed, mille p\u00f5hjas on avaused liigvee \u00e4ravooluks. K\u00fclvin\u00f5u materjal peab olema nii tugev, et peab vastu pika talve niiskusele ja miinuskraadidele. Plastist salatikarp v\u00f5ib talvega muutuda n\u00e4iteks nii rabedaks, et kevadel \u00fcmber t\u00f5stes pudeneb hinnaline k\u00fclv laiali.<img loading=\"lazy\" decoding=\"async\" class=\"alignright size-medium wp-image-2299444\" src=\"https:\/\/horticom.ee\/e-pood\/wp-content\/uploads\/2024\/10\/gardening-690940_1280-250x167.jpg\" alt=\"K\u00fchvel ja muld istutamiseks\" width=\"250\" height=\"167\" srcset=\"https:\/\/horticom.ee\/e-pood\/wp-content\/uploads\/2024\/10\/gardening-690940_1280-250x167.jpg 250w, https:\/\/horticom.ee\/e-pood\/wp-content\/uploads\/2024\/10\/gardening-690940_1280-1024x682.jpg 1024w, https:\/\/horticom.ee\/e-pood\/wp-content\/uploads\/2024\/10\/gardening-690940_1280-150x100.jpg 150w, https:\/\/horticom.ee\/e-pood\/wp-content\/uploads\/2024\/10\/gardening-690940_1280-768x512.jpg 768w, https:\/\/horticom.ee\/e-pood\/wp-content\/uploads\/2024\/10\/gardening-690940_1280-300x200.jpg 300w, https:\/\/horticom.ee\/e-pood\/wp-content\/uploads\/2024\/10\/gardening-690940_1280-600x400.jpg 600w, https:\/\/horticom.ee\/e-pood\/wp-content\/uploads\/2024\/10\/gardening-690940_1280.jpg 1280w\" sizes=\"auto, (max-width: 250px) 100vw, 250px\" \/><\/p>\n<p>K\u00fclvin\u00f5u ei tohi olla liiga v\u00e4ike, sest siis kuivab muld v\u00e4ga kiiresti l\u00e4bi. Hea valik on n\u00e4iteks kandilised kasvupotid m\u00f5\u00f5tmetega 10x10x11 cm. T\u00e4rganud taimehakatised nii s\u00fcgavat mullakihti kasvamiseks k\u00fcll ei vaja, kuid see-eest p\u00fcsib suur kogus mulda kauem niiske. Ja kuna juurtel on ruumi kasvamiseks, et pea kevadel pikeerimisega v\u00e4ga kiirustama.\u00a0S\u00fcgisk\u00fclvile sobib h\u00e4sti j\u00e4rgmine k\u00fclvisubstraat: 2\u20134 osa <a href=\"https:\/\/horticom.ee\/e-pood\/toode\/kasvuturvas-opm-025w-ph55-ec25-0-25mm-100l\/\" target=\"_blank\" rel=\"noopener\">kasvuturvast<\/a> (neutraliseeritud ja v\u00e4etatud), 2 osa lehekomposti, 1 osa <a href=\"https:\/\/horticom.ee\/e-pood\/toode\/perliit-horticom-1l-2-6mm\/\" target=\"_blank\" rel=\"noopener\">perliiti<\/a> v\u00f5i <a href=\"https:\/\/horticom.ee\/e-pood\/toode\/vermikuliit-horticom-1l-2-4mm\/\" target=\"_blank\" rel=\"noopener\">vermikuliiti<\/a>, 1 osa liiva.<\/p>\n<p>Igasse k\u00fclvin\u00f5usse pista kindlasti ka lipik liigi nime ja k\u00fclvikuup\u00e4evaga.<\/p>\n<p>&nbsp;<\/p>\n<h2><strong>Talveks k\u00fclmkasvuhoonesse<\/strong><\/h2>\n<p>\u00c4ra j\u00e4ta k\u00fclvianumaid lageda taeva alla, sest tugevad vihmad v\u00f5ivad k\u00fclvid segi peksta. Sulale j\u00e4rgnev k\u00fclm tekitab aga j\u00e4ise kaane, mille all seemned l\u00e4mbuvad.\u00a0K\u00f5ige mugavam on talvitada s\u00fcgisk\u00fclve k\u00fclmkasvuhoones. Uksed hoia lahti, sest muidu muutub sees umbseks ja seemned v\u00f5ivad hallitama minna.\u00a0K\u00fclvin\u00f5usid pole hea panna otse maapinnale, sest kevadel ronivad neisse vihmaussid ja keeravad k\u00f5ik segi. Pealtpoolt kata k\u00fclvin\u00f5ud <a href=\"https:\/\/horticom.ee\/e-pood\/toode\/nariliste-kaitseks-metallvork-15-x-25m-silm-127mm-traadipaksus-09mm-plastikkattega-roheline\/\" target=\"_blank\" rel=\"noopener\">v\u00f5rguga<\/a>, et hiired ei p\u00e4\u00e4seks seemnetega maiustama.<\/p>\n<p>Enne p\u00fcsivate k\u00fclmade saabumist j\u00e4lgi, et k\u00fclvid l\u00e4bi ei kuivaks. Kasta neid vaid siis, kui k\u00fclvisubstraat hakkab heledaks muutuma ja n\u00e4puga katsudes pole enam niiskust tunda.<\/p>\n<p>Kui l\u00f5puks saabub talv, aseta k\u00fclvin\u00f5udele kuuseoksad ja kata need lumega. Lumi on ideaalne soojahoidja, mis kaitseb k\u00fclve pakase eest. Kevadel kastab sulav lumi aga mulla korralikult l\u00e4bi.\u00a0Puulehed katmiseks ei sobi, sest niisked lehed kleepuvad vastu mulda, seemned j\u00e4\u00e4vad \u00f5hupuudusesse ja v\u00f5ivad ka hallitama minna.<\/p>\n<p><strong>\u00a0<\/strong><\/p>\n<h2><strong>Kuidas toimida k\u00fclvatud p\u00fcsililledega kevadel?<\/strong><\/h2>\n<p>M\u00e4rtsis on p\u00e4evad juba soojemad. N\u00fc\u00fcd pane kasvuhoone uksed kinni, et \u00f6ise ja p\u00e4evase temperatuuri vahe oleks v\u00e4iksem. Kui sooja on 3\u201310\u00b0, hakkavad paljud liigid hoogsalt idanema. \u00d6iseid miinuskraade esimesed idanejad ei karda, sest nad on nendega harjunud.\u00a0Aprillis tuleb hakata t\u00e4rkavaid k\u00fclve aga \u00f6\u00f6k\u00fclma eest kaitsma. Laota neile <a href=\"https:\/\/horticom.ee\/e-pood\/toode\/katteloor-horticom-17g-m2-320-x-5m-16m2\/\" target=\"_blank\" rel=\"noopener\">katteloor<\/a>, kr\u00f5bedama k\u00fclmaga kulub \u00e4ra mitu kihti.<img loading=\"lazy\" decoding=\"async\" class=\"alignright size-medium wp-image-2299446\" src=\"https:\/\/horticom.ee\/e-pood\/wp-content\/uploads\/2024\/10\/lavender-5506669_1920-250x167.jpg\" alt=\"Lavendel\" width=\"250\" height=\"167\" srcset=\"https:\/\/horticom.ee\/e-pood\/wp-content\/uploads\/2024\/10\/lavender-5506669_1920-250x167.jpg 250w, https:\/\/horticom.ee\/e-pood\/wp-content\/uploads\/2024\/10\/lavender-5506669_1920-1024x683.jpg 1024w, https:\/\/horticom.ee\/e-pood\/wp-content\/uploads\/2024\/10\/lavender-5506669_1920-150x100.jpg 150w, https:\/\/horticom.ee\/e-pood\/wp-content\/uploads\/2024\/10\/lavender-5506669_1920-768x512.jpg 768w, https:\/\/horticom.ee\/e-pood\/wp-content\/uploads\/2024\/10\/lavender-5506669_1920-1536x1024.jpg 1536w, https:\/\/horticom.ee\/e-pood\/wp-content\/uploads\/2024\/10\/lavender-5506669_1920-300x200.jpg 300w, https:\/\/horticom.ee\/e-pood\/wp-content\/uploads\/2024\/10\/lavender-5506669_1920-600x400.jpg 600w, https:\/\/horticom.ee\/e-pood\/wp-content\/uploads\/2024\/10\/lavender-5506669_1920.jpg 1920w\" sizes=\"auto, (max-width: 250px) 100vw, 250px\" \/><\/p>\n<p><strong>\u00a0<\/strong><\/p>\n<h2><strong>Soovitusi k\u00fclvajale<\/strong><\/h2>\n<p>* Koduaiast kogutud seemnete puhul tasub teada, et sortidelt ei saa t\u00e4pselt samasuguseid j\u00e4reltulijaid. Sorte on kindlam paljundada vegetatiivselt (jagades v\u00f5i pistikutega).<\/p>\n<p><strong>*\u00a0<\/strong>Kindlasti k\u00fclva s\u00fcgisel neid (vajavad idanemiseks k\u00fclmaperioodi): adoonis, ebamagun, emajuur, j\u00e4nesek\u00e4pp, kannike, karukell, kellukad, kilpleht, kirburohi, kivirik, klaitoonia, kukekannused, kuldjuur, kullerkupp, kurereha, laudleht, lavendel, leviisia, liivkann, maran, metsvits, m\u00e4tasjas merikann, n\u00f5mmkann, ogaputk, peekerlill, piimalill, k\u00f5ik nahkjate lehtedega priimulad, siilk\u00fcbar, sininokk, soldanell, soov\u00f5hk, stepirohi, tarnad, tiarell, tulikas, t\u00f5nnike, upsujuur.<\/p>\n<p>* Hulk liike idaneb ka ilma k\u00fclmt\u00f6\u00f6tluseta, kuid talv l\u00e4bi k\u00fclmas olemine kiirendab ja \u00fchtlustab t\u00e4rkamist.<\/p>\n<p>* Need seemned, millel puhkeseisundit pole, hakkavad mulda sattudes varsti idanema: nt aster, astilbe, bergeenia, h\u00e4rjasilm, karikakar, keskmine kellukas, mesiohakas, m\u00f5rsjalill, neiusilm. Neid \u00e4ra s\u00fcgisel k\u00fclva, sest t\u00e4rganud taimekesed hukkuvad esimese suurema k\u00fclmaga.<\/p>\n","protected":false},"excerpt":{"rendered":"<p>Pikka k\u00fclmaperioodi (temperatuur on 3\u20134 kuud 0\u00b0 l\u00e4hedal) vajavaid p\u00fcsilillede liike on ideaalne k\u00fclvata s\u00fcgisel vahetult enne talve saabumist. K\u00f5ige hiljemalt tuleks seda teha novembris, sest siis saavad nad kevadeks k\u00e4tte vajalikul m\u00e4\u00e4ral jahedust. K\u00fclvi \u00f5nnestumiseks on oluline teada, et seemned peavad enne p\u00fcsivaid k\u00fclmi end vett t\u00e4is imema, milleks kulub paar n\u00e4dalat. Liiga hilja [&hellip;]<\/p>\n","protected":false},"author":10268,"featured_media":2299442,"comment_status":"closed","ping_status":"closed","sticky":false,"template":"","format":"standard","meta":{"_themeisle_gutenberg_block_has_review":false,"footnotes":""},"categories":[16040],"tags":[],"class_list":["post-2299441","post","type-post","status-publish","format-standard","has-post-thumbnail","hentry","category-sugis-aias"],"yoast_head":"<!-- This site is optimized with the Yoast SEO plugin v24.0 - https:\/\/yoast.com\/wordpress\/plugins\/seo\/ -->\n<title>K\u00fclva p\u00fcsililli juba oktoobris - Horticom<\/title>\n<meta name=\"description\" content=\"Pikka k\u00fclmaperioodi vajavaid p\u00fcsilillede liike on ideaalne k\u00fclvata s\u00fcgisel vahetult enne talve saabumist.\" \/>\n<meta name=\"robots\" content=\"index, follow, max-snippet:-1, max-image-preview:large, max-video-preview:-1\" \/>\n<link rel=\"canonical\" href=\"https:\/\/horticom.ee\/e-pood\/kulva-pusililli-juba-oktoobris\/\" \/>\n<meta property=\"og:locale\" content=\"et_EE\" \/>\n<meta property=\"og:type\" content=\"article\" \/>\n<meta property=\"og:title\" content=\"K\u00fclva p\u00fcsililli juba oktoobris - Horticom\" \/>\n<meta property=\"og:description\" content=\"Pikka k\u00fclmaperioodi vajavaid p\u00fcsilillede liike on ideaalne k\u00fclvata s\u00fcgisel vahetult enne talve saabumist.\" \/>\n<meta property=\"og:url\" content=\"https:\/\/horticom.ee\/e-pood\/kulva-pusililli-juba-oktoobris\/\" \/>\n<meta property=\"og:site_name\" content=\"Horticom.ee\" \/>\n<meta property=\"article:publisher\" content=\"https:\/\/www.facebook.com\/horticom.ee\/e-pood\" \/>\n<meta property=\"article:published_time\" content=\"2024-10-16T09:09:33+00:00\" \/>\n<meta property=\"og:image\" content=\"https:\/\/horticom.ee\/e-pood\/wp-content\/uploads\/2024\/10\/Kulva-pusililli-juba-oktoobris.png\" \/>\n\t<meta property=\"og:image:width\" content=\"1200\" \/>\n\t<meta property=\"og:image:height\" content=\"900\" \/>\n\t<meta property=\"og:image:type\" content=\"image\/png\" \/>\n<meta name=\"author\" content=\"Helen Nurmsoo\" \/>\n<meta name=\"twitter:card\" content=\"summary_large_image\" \/>\n<meta name=\"twitter:label1\" content=\"Written by\" \/>\n\t<meta name=\"twitter:data1\" content=\"Helen Nurmsoo\" \/>\n\t<meta name=\"twitter:label2\" content=\"Est. reading time\" \/>\n\t<meta name=\"twitter:data2\" content=\"4 minutit\" \/>\n<script type=\"application\/ld+json\" class=\"yoast-schema-graph\">{\"@context\":\"https:\/\/schema.org\",\"@graph\":[{\"@type\":\"WebPage\",\"@id\":\"https:\/\/horticom.ee\/e-pood\/kulva-pusililli-juba-oktoobris\/\",\"url\":\"https:\/\/horticom.ee\/e-pood\/kulva-pusililli-juba-oktoobris\/\",\"name\":\"K\u00fclva p\u00fcsililli juba oktoobris - Horticom\",\"isPartOf\":{\"@id\":\"https:\/\/horticom.ee\/e-pood\/#website\"},\"primaryImageOfPage\":{\"@id\":\"https:\/\/horticom.ee\/e-pood\/kulva-pusililli-juba-oktoobris\/#primaryimage\"},\"image\":{\"@id\":\"https:\/\/horticom.ee\/e-pood\/kulva-pusililli-juba-oktoobris\/#primaryimage\"},\"thumbnailUrl\":\"https:\/\/horticom.ee\/e-pood\/wp-content\/uploads\/2024\/10\/Kulva-pusililli-juba-oktoobris.png\",\"datePublished\":\"2024-10-16T09:09:33+00:00\",\"dateModified\":\"2024-10-16T09:09:33+00:00\",\"author\":{\"@id\":\"https:\/\/horticom.ee\/e-pood\/#\/schema\/person\/d5ba90c915457585d9c8e44cd9b31631\"},\"description\":\"Pikka k\u00fclmaperioodi vajavaid p\u00fcsilillede liike on ideaalne k\u00fclvata s\u00fcgisel vahetult enne talve saabumist.\",\"breadcrumb\":{\"@id\":\"https:\/\/horticom.ee\/e-pood\/kulva-pusililli-juba-oktoobris\/#breadcrumb\"},\"inLanguage\":\"et\",\"potentialAction\":[{\"@type\":\"ReadAction\",\"target\":[\"https:\/\/horticom.ee\/e-pood\/kulva-pusililli-juba-oktoobris\/\"]}]},{\"@type\":\"ImageObject\",\"inLanguage\":\"et\",\"@id\":\"https:\/\/horticom.ee\/e-pood\/kulva-pusililli-juba-oktoobris\/#primaryimage\",\"url\":\"https:\/\/horticom.ee\/e-pood\/wp-content\/uploads\/2024\/10\/Kulva-pusililli-juba-oktoobris.png\",\"contentUrl\":\"https:\/\/horticom.ee\/e-pood\/wp-content\/uploads\/2024\/10\/Kulva-pusililli-juba-oktoobris.png\",\"width\":1200,\"height\":900,\"caption\":\"Roosad siilik\u00fcbarad\"},{\"@type\":\"BreadcrumbList\",\"@id\":\"https:\/\/horticom.ee\/e-pood\/kulva-pusililli-juba-oktoobris\/#breadcrumb\",\"itemListElement\":[{\"@type\":\"ListItem\",\"position\":1,\"name\":\"Home\",\"item\":\"https:\/\/horticom.ee\/e-pood\/\"},{\"@type\":\"ListItem\",\"position\":2,\"name\":\"K\u00fclva p\u00fcsililli juba oktoobris\"}]},{\"@type\":\"WebSite\",\"@id\":\"https:\/\/horticom.ee\/e-pood\/#website\",\"url\":\"https:\/\/horticom.ee\/e-pood\/\",\"name\":\"Horticom.ee\",\"description\":\"Aianduskaubad ja kodukaubad nii harrastajatele kui professionaalidele\",\"potentialAction\":[{\"@type\":\"SearchAction\",\"target\":{\"@type\":\"EntryPoint\",\"urlTemplate\":\"https:\/\/horticom.ee\/e-pood\/?s={search_term_string}\"},\"query-input\":{\"@type\":\"PropertyValueSpecification\",\"valueRequired\":true,\"valueName\":\"search_term_string\"}}],\"inLanguage\":\"et\"},{\"@type\":\"Person\",\"@id\":\"https:\/\/horticom.ee\/e-pood\/#\/schema\/person\/d5ba90c915457585d9c8e44cd9b31631\",\"name\":\"Helen Nurmsoo\",\"image\":{\"@type\":\"ImageObject\",\"inLanguage\":\"et\",\"@id\":\"https:\/\/horticom.ee\/e-pood\/#\/schema\/person\/image\/\",\"url\":\"https:\/\/secure.gravatar.com\/avatar\/30e29e04eb8b69545ebdbbc257ddc91b?s=96&d=mm&r=g\",\"contentUrl\":\"https:\/\/secure.gravatar.com\/avatar\/30e29e04eb8b69545ebdbbc257ddc91b?s=96&d=mm&r=g\",\"caption\":\"Helen Nurmsoo\"},\"url\":\"https:\/\/horticom.ee\/e-pood\/author\/helen-nurmsoo\/\"}]}<\/script>\n<!-- \/ Yoast SEO plugin. -->","yoast_head_json":{"title":"K\u00fclva p\u00fcsililli juba oktoobris - Horticom","description":"Pikka k\u00fclmaperioodi vajavaid p\u00fcsilillede liike on ideaalne k\u00fclvata s\u00fcgisel vahetult enne talve saabumist.","robots":{"index":"index","follow":"follow","max-snippet":"max-snippet:-1","max-image-preview":"max-image-preview:large","max-video-preview":"max-video-preview:-1"},"canonical":"https:\/\/horticom.ee\/e-pood\/kulva-pusililli-juba-oktoobris\/","og_locale":"et_EE","og_type":"article","og_title":"K\u00fclva p\u00fcsililli juba oktoobris - Horticom","og_description":"Pikka k\u00fclmaperioodi vajavaid p\u00fcsilillede liike on ideaalne k\u00fclvata s\u00fcgisel vahetult enne talve saabumist.","og_url":"https:\/\/horticom.ee\/e-pood\/kulva-pusililli-juba-oktoobris\/","og_site_name":"Horticom.ee","article_publisher":"https:\/\/www.facebook.com\/horticom.ee\/e-pood","article_published_time":"2024-10-16T09:09:33+00:00","og_image":[{"width":1200,"height":900,"url":"https:\/\/horticom.ee\/e-pood\/wp-content\/uploads\/2024\/10\/Kulva-pusililli-juba-oktoobris.png","type":"image\/png"}],"author":"Helen Nurmsoo","twitter_card":"summary_large_image","twitter_misc":{"Written by":"Helen Nurmsoo","Est. reading time":"4 minutit"},"schema":{"@context":"https:\/\/schema.org","@graph":[{"@type":"WebPage","@id":"https:\/\/horticom.ee\/e-pood\/kulva-pusililli-juba-oktoobris\/","url":"https:\/\/horticom.ee\/e-pood\/kulva-pusililli-juba-oktoobris\/","name":"K\u00fclva p\u00fcsililli juba oktoobris - Horticom","isPartOf":{"@id":"https:\/\/horticom.ee\/e-pood\/#website"},"primaryImageOfPage":{"@id":"https:\/\/horticom.ee\/e-pood\/kulva-pusililli-juba-oktoobris\/#primaryimage"},"image":{"@id":"https:\/\/horticom.ee\/e-pood\/kulva-pusililli-juba-oktoobris\/#primaryimage"},"thumbnailUrl":"https:\/\/horticom.ee\/e-pood\/wp-content\/uploads\/2024\/10\/Kulva-pusililli-juba-oktoobris.png","datePublished":"2024-10-16T09:09:33+00:00","dateModified":"2024-10-16T09:09:33+00:00","author":{"@id":"https:\/\/horticom.ee\/e-pood\/#\/schema\/person\/d5ba90c915457585d9c8e44cd9b31631"},"description":"Pikka k\u00fclmaperioodi vajavaid p\u00fcsilillede liike on ideaalne k\u00fclvata s\u00fcgisel vahetult enne talve saabumist.","breadcrumb":{"@id":"https:\/\/horticom.ee\/e-pood\/kulva-pusililli-juba-oktoobris\/#breadcrumb"},"inLanguage":"et","potentialAction":[{"@type":"ReadAction","target":["https:\/\/horticom.ee\/e-pood\/kulva-pusililli-juba-oktoobris\/"]}]},{"@type":"ImageObject","inLanguage":"et","@id":"https:\/\/horticom.ee\/e-pood\/kulva-pusililli-juba-oktoobris\/#primaryimage","url":"https:\/\/horticom.ee\/e-pood\/wp-content\/uploads\/2024\/10\/Kulva-pusililli-juba-oktoobris.png","contentUrl":"https:\/\/horticom.ee\/e-pood\/wp-content\/uploads\/2024\/10\/Kulva-pusililli-juba-oktoobris.png","width":1200,"height":900,"caption":"Roosad siilik\u00fcbarad"},{"@type":"BreadcrumbList","@id":"https:\/\/horticom.ee\/e-pood\/kulva-pusililli-juba-oktoobris\/#breadcrumb","itemListElement":[{"@type":"ListItem","position":1,"name":"Home","item":"https:\/\/horticom.ee\/e-pood\/"},{"@type":"ListItem","position":2,"name":"K\u00fclva p\u00fcsililli juba oktoobris"}]},{"@type":"WebSite","@id":"https:\/\/horticom.ee\/e-pood\/#website","url":"https:\/\/horticom.ee\/e-pood\/","name":"Horticom.ee","description":"Aianduskaubad ja kodukaubad nii harrastajatele kui professionaalidele","potentialAction":[{"@type":"SearchAction","target":{"@type":"EntryPoint","urlTemplate":"https:\/\/horticom.ee\/e-pood\/?s={search_term_string}"},"query-input":{"@type":"PropertyValueSpecification","valueRequired":true,"valueName":"search_term_string"}}],"inLanguage":"et"},{"@type":"Person","@id":"https:\/\/horticom.ee\/e-pood\/#\/schema\/person\/d5ba90c915457585d9c8e44cd9b31631","name":"Helen Nurmsoo","image":{"@type":"ImageObject","inLanguage":"et","@id":"https:\/\/horticom.ee\/e-pood\/#\/schema\/person\/image\/","url":"https:\/\/secure.gravatar.com\/avatar\/30e29e04eb8b69545ebdbbc257ddc91b?s=96&d=mm&r=g","contentUrl":"https:\/\/secure.gravatar.com\/avatar\/30e29e04eb8b69545ebdbbc257ddc91b?s=96&d=mm&r=g","caption":"Helen Nurmsoo"},"url":"https:\/\/horticom.ee\/e-pood\/author\/helen-nurmsoo\/"}]}},"_links":{"self":[{"href":"https:\/\/horticom.ee\/e-pood\/wp-json\/wp\/v2\/posts\/2299441","targetHints":{"allow":["GET"]}}],"collection":[{"href":"https:\/\/horticom.ee\/e-pood\/wp-json\/wp\/v2\/posts"}],"about":[{"href":"https:\/\/horticom.ee\/e-pood\/wp-json\/wp\/v2\/types\/post"}],"author":[{"embeddable":true,"href":"https:\/\/horticom.ee\/e-pood\/wp-json\/wp\/v2\/users\/10268"}],"replies":[{"embeddable":true,"href":"https:\/\/horticom.ee\/e-pood\/wp-json\/wp\/v2\/comments?post=2299441"}],"version-history":[{"count":0,"href":"https:\/\/horticom.ee\/e-pood\/wp-json\/wp\/v2\/posts\/2299441\/revisions"}],"wp:featuredmedia":[{"embeddable":true,"href":"https:\/\/horticom.ee\/e-pood\/wp-json\/wp\/v2\/media\/2299442"}],"wp:attachment":[{"href":"https:\/\/horticom.ee\/e-pood\/wp-json\/wp\/v2\/media?parent=2299441"}],"wp:term":[{"taxonomy":"category","embeddable":true,"href":"https:\/\/horticom.ee\/e-pood\/wp-json\/wp\/v2\/categories?post=2299441"},{"taxonomy":"post_tag","embeddable":true,"href":"https:\/\/horticom.ee\/e-pood\/wp-json\/wp\/v2\/tags?post=2299441"}],"curies":[{"name":"wp","href":"https:\/\/api.w.org\/{rel}","templated":true}]}}