{"id":29675,"date":"2018-03-20T16:27:31","date_gmt":"2018-03-20T14:27:31","guid":{"rendered":"https:\/\/aednik24.koik.ee\/?p=29675"},"modified":"2022-03-02T15:34:46","modified_gmt":"2022-03-02T13:34:46","slug":"vertikaalne-aed-moodne-lahendus-vaikese-aia-jaoks","status":"publish","type":"post","link":"https:\/\/horticom.ee\/e-pood\/vertikaalne-aed-moodne-lahendus-vaikese-aia-jaoks\/","title":{"rendered":"Vertikaalne aed \u2013 moodne lahendus v\u00e4ikese aia jaoks"},"content":{"rendered":"<p><strong>20.03.2018<\/strong><\/p>\n<p>Oled alati soovinud taimi kasvatada, aga pole piisavalt ruumi peenarde tegemiseks? Sel juhul on vertikaalne aed ideaalne lahendus. Selle aia \u00fcheks eeliseks ongi, et taimede kasvatamiseks piisab k\u00f5igest \u00fchest seinast v\u00f5i muust vertikaalsest pinnast. T\u00e4nap\u00e4eva linnaruumis on vertikaalne aed v\u00e4ga hea lahendus nii v\u00e4ikeaedades kui ka isegi korterelamutes, kus pole piisavalt ruumi taimede kasvatamiseks. Vaid juba \u00fchest seinast piisab, et kasvatada lopsakaid maitsetaimi, salateid ja miks mitte ka meelep\u00e4raseid ilulilli.<\/p>\n<h3>Miks just vertikaalne aiandus?<\/h3>\n<p>Vertikaalne aed on p\u00f5nev aiakujundamise lahendus, mille abil on v\u00f5imalik kasvatada meeltm\u00f6\u00f6da taimi mis tahes vertikaalsel pinnal. Kasvatada v\u00f5ib nii seinal, aial, m\u00fc\u00fcril v\u00f5i isegi riputada lakke. P\u00f5him\u00f5tteliselt v\u00f5ib kasvatada kus iganes ainult, et saaks potti kinnitada. Taimede jaoks l\u00e4heb vaja k\u00f5igest alust, kuhu taimi istutada, ja konkse, mille abil riputada konstruktsiooni pinna k\u00fclge. Isegi korteris on v\u00f5imalik kujundada roheline sein meeldivatest toataimedest. On ju p\u00f5nev, kui sein on kaetud lopsaka rohelusega!<\/p>\n<p><img loading=\"lazy\" decoding=\"async\" class=\"alignnone size-medium wp-image-30435\" src=\"https:\/\/horticom.ee\/e-pood\/wp-content\/uploads\/2018\/03\/euroalus-232x300.jpg\" alt=\"\" width=\"232\" height=\"300\" srcset=\"https:\/\/horticom.ee\/e-pood\/wp-content\/uploads\/2018\/03\/euroalus-232x300.jpg 232w, https:\/\/horticom.ee\/e-pood\/wp-content\/uploads\/2018\/03\/euroalus-300x388.jpg 300w, https:\/\/horticom.ee\/e-pood\/wp-content\/uploads\/2018\/03\/euroalus-116x150.jpg 116w, https:\/\/horticom.ee\/e-pood\/wp-content\/uploads\/2018\/03\/euroalus-464x600.jpg 464w, https:\/\/horticom.ee\/e-pood\/wp-content\/uploads\/2018\/03\/euroalus.jpg 500w\" sizes=\"auto, (max-width: 232px) 100vw, 232px\" \/> <img loading=\"lazy\" decoding=\"async\" class=\"alignnone size-medium wp-image-30436\" src=\"https:\/\/horticom.ee\/e-pood\/wp-content\/uploads\/2018\/03\/lilla-redel-212x300.jpg\" alt=\"\" width=\"212\" height=\"300\" srcset=\"https:\/\/horticom.ee\/e-pood\/wp-content\/uploads\/2018\/03\/lilla-redel-212x300.jpg 212w, https:\/\/horticom.ee\/e-pood\/wp-content\/uploads\/2018\/03\/lilla-redel-300x426.jpg 300w, https:\/\/horticom.ee\/e-pood\/wp-content\/uploads\/2018\/03\/lilla-redel-106x150.jpg 106w, https:\/\/horticom.ee\/e-pood\/wp-content\/uploads\/2018\/03\/lilla-redel.jpg 423w\" sizes=\"auto, (max-width: 212px) 100vw, 212px\" \/> <img loading=\"lazy\" decoding=\"async\" class=\"alignnone size-medium wp-image-30437\" src=\"https:\/\/horticom.ee\/e-pood\/wp-content\/uploads\/2018\/03\/Maitset-265x300.jpg\" alt=\"\" width=\"265\" height=\"300\" srcset=\"https:\/\/horticom.ee\/e-pood\/wp-content\/uploads\/2018\/03\/Maitset-265x300.jpg 265w, https:\/\/horticom.ee\/e-pood\/wp-content\/uploads\/2018\/03\/Maitset-300x340.jpg 300w, https:\/\/horticom.ee\/e-pood\/wp-content\/uploads\/2018\/03\/Maitset-132x150.jpg 132w, https:\/\/horticom.ee\/e-pood\/wp-content\/uploads\/2018\/03\/Maitset.jpg 389w\" sizes=\"auto, (max-width: 265px) 100vw, 265px\" \/><\/p>\n<h3>Mida head pakub vertikaalne aed?<\/h3>\n<p>Vertikaalsel aial on mitmeid eeliseid. Taimed kasvavad \u00fchel ja samal pinnal teineteise kohal, seega \u00fchele ruutmeetrile mahub rohkem taimekesi. Muidugi ka taimede hooldamine l\u00e4heb h\u00f5lpsamini, kuna ei ole vaja peenraid ette valmistada, rohimiseks ei ole vaja k\u00fckitada ja saaki on igati kergem korjata. Taimed on alati silmade k\u00f5rgusel, j\u00e4relikult on ka taimede ilu alati n\u00e4htav. Kuigi vertikaalsel aial on arvukalt eeliseid, on ka tegureid, mida tuleb kindlasti silmas pidada. Koht, kuhu plaanid riputada taimi, peaks olema valgusk\u00fcllane. Tuleb pingsalt j\u00e4lgida, et potid ei kuivaks l\u00e4bi. Kui aga tead, et v\u00f5ib ununeda taimi kasta, siis v\u00f5id n\u00e4iteks kasutada vett imavat Seklose, Agrecoli v\u00f5i Gardmani h\u00fcdrogeeli. Geele on saada erinevate suurustega pakendis Ja mis on k\u00f5ige t\u00e4htsam &#8211; lemmikloomad ei tee aias pahandust ega riku taimi!<\/p>\n<h3>Kuidas luua oma vertikaalne aed?<\/h3>\n<p>Vertikaalset aeda on k\u00fcllalt kerge ise teha. K\u00f5ik, mida Sul l\u00e4heb vaja, on potid ja alus, mille k\u00fclge kinnitada potte. Tekkinud moodustist v\u00f5ib kinnitada kas seina k\u00fclge v\u00f5i \u00fcldse riputada lakke. V\u00e4ga omap\u00e4rane lahendus on kasutada kaubaaluseid, mille k\u00fclge v\u00f5ib kinnitada potte v\u00f5i istutada taimi otse vahedesse. Muidugi on v\u00f5imalik veel teha pottidest taimep\u00fcramiidi. <strong>ELHO<\/strong> sarjas on spetsiaalsed erinevate v\u00e4rvidega Corsica istutuspotid, mida v\u00f5ib teineteise peale panna nii, et moodustub pilkup\u00fc\u00fcdev p\u00fcramiid. Nendest pottidest v\u00f5id teha nii k\u00f5rge p\u00fcramiidi, kui s\u00fcda lustib. K\u00f5ige alla on soovitatav panna ka spetsiaalne istutuspoti alus. Taimede valikus v\u00f5id lasta kujutlusv\u00f5imel lennata! Siseruumis saab kasutada seina kaunistamiseks k\u00f5iki toataimi, maitsetaimi ja salateid &#8211; p\u00f5him\u00f5tteliselt k\u00f5ike, mida Sa soovid. K\u00f5ik s\u00f5ltub vaid Sinu soovist ja kujutlusv\u00f5imest.<\/p>\n<p><img loading=\"lazy\" decoding=\"async\" class=\"alignnone wp-image-30432\" src=\"https:\/\/horticom.ee\/e-pood\/wp-content\/uploads\/2018\/03\/corsica-vertical-garden-anthracite-with-petunia-pot-plant-combination-300x300.jpg\" alt=\"\" width=\"224\" height=\"224\" srcset=\"https:\/\/horticom.ee\/e-pood\/wp-content\/uploads\/2018\/03\/corsica-vertical-garden-anthracite-with-petunia-pot-plant-combination-300x300.jpg 300w, https:\/\/horticom.ee\/e-pood\/wp-content\/uploads\/2018\/03\/corsica-vertical-garden-anthracite-with-petunia-pot-plant-combination-100x100.jpg 100w, https:\/\/horticom.ee\/e-pood\/wp-content\/uploads\/2018\/03\/corsica-vertical-garden-anthracite-with-petunia-pot-plant-combination-600x600.jpg 600w, https:\/\/horticom.ee\/e-pood\/wp-content\/uploads\/2018\/03\/corsica-vertical-garden-anthracite-with-petunia-pot-plant-combination-150x150.jpg 150w, https:\/\/horticom.ee\/e-pood\/wp-content\/uploads\/2018\/03\/corsica-vertical-garden-anthracite-with-petunia-pot-plant-combination-768x768.jpg 768w, https:\/\/horticom.ee\/e-pood\/wp-content\/uploads\/2018\/03\/corsica-vertical-garden-anthracite-with-petunia-pot-plant-combination-1024x1024.jpg 1024w\" sizes=\"auto, (max-width: 224px) 100vw, 224px\" \/> <img loading=\"lazy\" decoding=\"async\" class=\"alignnone wp-image-30433\" src=\"https:\/\/horticom.ee\/e-pood\/wp-content\/uploads\/2018\/03\/outdoor-corsica-vertical-garden-mint-soft-lavender-white.p1-300x293.jpg\" alt=\"\" width=\"281\" height=\"274\" srcset=\"https:\/\/horticom.ee\/e-pood\/wp-content\/uploads\/2018\/03\/outdoor-corsica-vertical-garden-mint-soft-lavender-white.p1-300x293.jpg 300w, https:\/\/horticom.ee\/e-pood\/wp-content\/uploads\/2018\/03\/outdoor-corsica-vertical-garden-mint-soft-lavender-white.p1-600x586.jpg 600w, https:\/\/horticom.ee\/e-pood\/wp-content\/uploads\/2018\/03\/outdoor-corsica-vertical-garden-mint-soft-lavender-white.p1-150x147.jpg 150w, https:\/\/horticom.ee\/e-pood\/wp-content\/uploads\/2018\/03\/outdoor-corsica-vertical-garden-mint-soft-lavender-white.p1-768x750.jpg 768w, https:\/\/horticom.ee\/e-pood\/wp-content\/uploads\/2018\/03\/outdoor-corsica-vertical-garden-mint-soft-lavender-white.p1-1024x1000.jpg 1024w, https:\/\/horticom.ee\/e-pood\/wp-content\/uploads\/2018\/03\/outdoor-corsica-vertical-garden-mint-soft-lavender-white.p1.jpg 1380w\" sizes=\"auto, (max-width: 281px) 100vw, 281px\" \/> <img loading=\"lazy\" decoding=\"async\" class=\"wp-image-30434 alignnone\" src=\"https:\/\/horticom.ee\/e-pood\/wp-content\/uploads\/2018\/03\/vertical-garden-stapel-van-3-300x225.jpg\" alt=\"\" width=\"276\" height=\"206\" srcset=\"https:\/\/horticom.ee\/e-pood\/wp-content\/uploads\/2018\/03\/vertical-garden-stapel-van-3-300x225.jpg 300w, https:\/\/horticom.ee\/e-pood\/wp-content\/uploads\/2018\/03\/vertical-garden-stapel-van-3-600x450.jpg 600w, https:\/\/horticom.ee\/e-pood\/wp-content\/uploads\/2018\/03\/vertical-garden-stapel-van-3-150x113.jpg 150w, https:\/\/horticom.ee\/e-pood\/wp-content\/uploads\/2018\/03\/vertical-garden-stapel-van-3-768x576.jpg 768w, https:\/\/horticom.ee\/e-pood\/wp-content\/uploads\/2018\/03\/vertical-garden-stapel-van-3-1024x768.jpg 1024w, https:\/\/horticom.ee\/e-pood\/wp-content\/uploads\/2018\/03\/vertical-garden-stapel-van-3.jpg 2048w\" sizes=\"auto, (max-width: 276px) 100vw, 276px\" \/><\/p>\n<p>Lase oma aia kujutelmad lendu ja loo unistuste vertikaalne aed!<\/p>\n","protected":false},"excerpt":{"rendered":"<p>20.03.2018 Oled alati soovinud taimi kasvatada, aga pole piisavalt ruumi peenarde tegemiseks? Sel juhul on vertikaalne aed ideaalne lahendus. Selle aia \u00fcheks eeliseks ongi, et taimede kasvatamiseks piisab k\u00f5igest \u00fchest seinast v\u00f5i muust vertikaalsest pinnast. T\u00e4nap\u00e4eva linnaruumis on vertikaalne aed v\u00e4ga hea lahendus nii v\u00e4ikeaedades kui ka isegi korterelamutes, kus pole piisavalt ruumi taimede kasvatamiseks. [&hellip;]<\/p>\n","protected":false},"author":274,"featured_media":287142,"comment_status":"closed","ping_status":"closed","sticky":false,"template":"","format":"standard","meta":{"_themeisle_gutenberg_block_has_review":false,"footnotes":""},"categories":[4533],"tags":[],"class_list":["post-29675","post","type-post","status-publish","format-standard","has-post-thumbnail","hentry","category-inspiratsioon"],"yoast_head":"<!-- This site is optimized with the Yoast SEO plugin v24.0 - https:\/\/yoast.com\/wordpress\/plugins\/seo\/ -->\n<title>Vertikaalne aed \u2013 moodne lahendus v\u00e4ikese aia jaoks<\/title>\n<meta name=\"description\" content=\"Tutvu vertikaalse aia v\u00f5imalustega ning saa teada, kuidas see kaasaegne lahendus aitab v\u00e4ikseid aedu s\u00e4\u00e4stlikult ja stiilselt kasutada.\" \/>\n<meta name=\"robots\" content=\"index, follow, max-snippet:-1, max-image-preview:large, max-video-preview:-1\" \/>\n<link rel=\"canonical\" href=\"https:\/\/horticom.ee\/e-pood\/vertikaalne-aed-moodne-lahendus-vaikese-aia-jaoks\/\" \/>\n<meta property=\"og:locale\" content=\"et_EE\" \/>\n<meta property=\"og:type\" content=\"article\" \/>\n<meta property=\"og:title\" content=\"Vertikaalne aed \u2013 moodne lahendus v\u00e4ikese aia jaoks\" \/>\n<meta property=\"og:description\" content=\"Tutvu vertikaalse aia v\u00f5imalustega ning saa teada, kuidas see kaasaegne lahendus aitab v\u00e4ikseid aedu s\u00e4\u00e4stlikult ja stiilselt kasutada.\" \/>\n<meta property=\"og:url\" content=\"https:\/\/horticom.ee\/e-pood\/vertikaalne-aed-moodne-lahendus-vaikese-aia-jaoks\/\" \/>\n<meta property=\"og:site_name\" content=\"Horticom.ee\" \/>\n<meta property=\"article:publisher\" content=\"https:\/\/www.facebook.com\/horticom.ee\/e-pood\" \/>\n<meta property=\"article:published_time\" content=\"2018-03-20T14:27:31+00:00\" \/>\n<meta property=\"article:modified_time\" content=\"2022-03-02T13:34:46+00:00\" \/>\n<meta property=\"og:image\" content=\"https:\/\/horticom.ee\/e-pood\/wp-content\/uploads\/2018\/03\/60-A24EEpealkiri.png\" \/>\n\t<meta property=\"og:image:width\" content=\"1200\" \/>\n\t<meta property=\"og:image:height\" content=\"900\" \/>\n\t<meta property=\"og:image:type\" content=\"image\/png\" \/>\n<meta name=\"author\" content=\"tsuurkaev\" \/>\n<meta name=\"twitter:card\" content=\"summary_large_image\" \/>\n<meta name=\"twitter:label1\" content=\"Written by\" \/>\n\t<meta name=\"twitter:data1\" content=\"tsuurkaev\" \/>\n\t<meta name=\"twitter:label2\" content=\"Est. reading time\" \/>\n\t<meta name=\"twitter:data2\" content=\"2 minutit\" \/>\n<script type=\"application\/ld+json\" class=\"yoast-schema-graph\">{\"@context\":\"https:\/\/schema.org\",\"@graph\":[{\"@type\":\"WebPage\",\"@id\":\"https:\/\/horticom.ee\/e-pood\/vertikaalne-aed-moodne-lahendus-vaikese-aia-jaoks\/\",\"url\":\"https:\/\/horticom.ee\/e-pood\/vertikaalne-aed-moodne-lahendus-vaikese-aia-jaoks\/\",\"name\":\"Vertikaalne aed \u2013 moodne lahendus v\u00e4ikese aia jaoks\",\"isPartOf\":{\"@id\":\"https:\/\/horticom.ee\/e-pood\/#website\"},\"primaryImageOfPage\":{\"@id\":\"https:\/\/horticom.ee\/e-pood\/vertikaalne-aed-moodne-lahendus-vaikese-aia-jaoks\/#primaryimage\"},\"image\":{\"@id\":\"https:\/\/horticom.ee\/e-pood\/vertikaalne-aed-moodne-lahendus-vaikese-aia-jaoks\/#primaryimage\"},\"thumbnailUrl\":\"https:\/\/horticom.ee\/e-pood\/wp-content\/uploads\/2018\/03\/60-A24EEpealkiri.png\",\"datePublished\":\"2018-03-20T14:27:31+00:00\",\"dateModified\":\"2022-03-02T13:34:46+00:00\",\"author\":{\"@id\":\"https:\/\/horticom.ee\/e-pood\/#\/schema\/person\/8f78773e3010619aaa8d6f699ca7289c\"},\"description\":\"Tutvu vertikaalse aia v\u00f5imalustega ning saa teada, kuidas see kaasaegne lahendus aitab v\u00e4ikseid aedu s\u00e4\u00e4stlikult ja stiilselt kasutada.\",\"breadcrumb\":{\"@id\":\"https:\/\/horticom.ee\/e-pood\/vertikaalne-aed-moodne-lahendus-vaikese-aia-jaoks\/#breadcrumb\"},\"inLanguage\":\"et\",\"potentialAction\":[{\"@type\":\"ReadAction\",\"target\":[\"https:\/\/horticom.ee\/e-pood\/vertikaalne-aed-moodne-lahendus-vaikese-aia-jaoks\/\"]}]},{\"@type\":\"ImageObject\",\"inLanguage\":\"et\",\"@id\":\"https:\/\/horticom.ee\/e-pood\/vertikaalne-aed-moodne-lahendus-vaikese-aia-jaoks\/#primaryimage\",\"url\":\"https:\/\/horticom.ee\/e-pood\/wp-content\/uploads\/2018\/03\/60-A24EEpealkiri.png\",\"contentUrl\":\"https:\/\/horticom.ee\/e-pood\/wp-content\/uploads\/2018\/03\/60-A24EEpealkiri.png\",\"width\":1200,\"height\":900,\"caption\":\"Heade l\u00f5ikeriistadega l\u00e4heb aiandust\u00f6\u00f6 lenneldes \u2013 leidke sobivad t\u00f6\u00f6vahendid ja nautige aiat\u00f6\u00f6de lihtsustamist.\"},{\"@type\":\"BreadcrumbList\",\"@id\":\"https:\/\/horticom.ee\/e-pood\/vertikaalne-aed-moodne-lahendus-vaikese-aia-jaoks\/#breadcrumb\",\"itemListElement\":[{\"@type\":\"ListItem\",\"position\":1,\"name\":\"Home\",\"item\":\"https:\/\/horticom.ee\/e-pood\/\"},{\"@type\":\"ListItem\",\"position\":2,\"name\":\"Vertikaalne aed \u2013 moodne lahendus v\u00e4ikese aia jaoks\"}]},{\"@type\":\"WebSite\",\"@id\":\"https:\/\/horticom.ee\/e-pood\/#website\",\"url\":\"https:\/\/horticom.ee\/e-pood\/\",\"name\":\"Horticom.ee\",\"description\":\"Aianduskaubad ja kodukaubad nii harrastajatele kui professionaalidele\",\"potentialAction\":[{\"@type\":\"SearchAction\",\"target\":{\"@type\":\"EntryPoint\",\"urlTemplate\":\"https:\/\/horticom.ee\/e-pood\/?s={search_term_string}\"},\"query-input\":{\"@type\":\"PropertyValueSpecification\",\"valueRequired\":true,\"valueName\":\"search_term_string\"}}],\"inLanguage\":\"et\"},{\"@type\":\"Person\",\"@id\":\"https:\/\/horticom.ee\/e-pood\/#\/schema\/person\/8f78773e3010619aaa8d6f699ca7289c\",\"name\":\"tsuurkaev\",\"image\":{\"@type\":\"ImageObject\",\"inLanguage\":\"et\",\"@id\":\"https:\/\/horticom.ee\/e-pood\/#\/schema\/person\/image\/\",\"url\":\"https:\/\/secure.gravatar.com\/avatar\/f3a6caefd714766a52f8c5e04180c4d7?s=96&d=mm&r=g\",\"contentUrl\":\"https:\/\/secure.gravatar.com\/avatar\/f3a6caefd714766a52f8c5e04180c4d7?s=96&d=mm&r=g\",\"caption\":\"tsuurkaev\"},\"url\":\"https:\/\/horticom.ee\/e-pood\/author\/tsuurkaev\/\"}]}<\/script>\n<!-- \/ Yoast SEO plugin. -->","yoast_head_json":{"title":"Vertikaalne aed \u2013 moodne lahendus v\u00e4ikese aia jaoks","description":"Tutvu vertikaalse aia v\u00f5imalustega ning saa teada, kuidas see kaasaegne lahendus aitab v\u00e4ikseid aedu s\u00e4\u00e4stlikult ja stiilselt kasutada.","robots":{"index":"index","follow":"follow","max-snippet":"max-snippet:-1","max-image-preview":"max-image-preview:large","max-video-preview":"max-video-preview:-1"},"canonical":"https:\/\/horticom.ee\/e-pood\/vertikaalne-aed-moodne-lahendus-vaikese-aia-jaoks\/","og_locale":"et_EE","og_type":"article","og_title":"Vertikaalne aed \u2013 moodne lahendus v\u00e4ikese aia jaoks","og_description":"Tutvu vertikaalse aia v\u00f5imalustega ning saa teada, kuidas see kaasaegne lahendus aitab v\u00e4ikseid aedu s\u00e4\u00e4stlikult ja stiilselt kasutada.","og_url":"https:\/\/horticom.ee\/e-pood\/vertikaalne-aed-moodne-lahendus-vaikese-aia-jaoks\/","og_site_name":"Horticom.ee","article_publisher":"https:\/\/www.facebook.com\/horticom.ee\/e-pood","article_published_time":"2018-03-20T14:27:31+00:00","article_modified_time":"2022-03-02T13:34:46+00:00","og_image":[{"width":1200,"height":900,"url":"https:\/\/horticom.ee\/e-pood\/wp-content\/uploads\/2018\/03\/60-A24EEpealkiri.png","type":"image\/png"}],"author":"tsuurkaev","twitter_card":"summary_large_image","twitter_misc":{"Written by":"tsuurkaev","Est. reading time":"2 minutit"},"schema":{"@context":"https:\/\/schema.org","@graph":[{"@type":"WebPage","@id":"https:\/\/horticom.ee\/e-pood\/vertikaalne-aed-moodne-lahendus-vaikese-aia-jaoks\/","url":"https:\/\/horticom.ee\/e-pood\/vertikaalne-aed-moodne-lahendus-vaikese-aia-jaoks\/","name":"Vertikaalne aed \u2013 moodne lahendus v\u00e4ikese aia jaoks","isPartOf":{"@id":"https:\/\/horticom.ee\/e-pood\/#website"},"primaryImageOfPage":{"@id":"https:\/\/horticom.ee\/e-pood\/vertikaalne-aed-moodne-lahendus-vaikese-aia-jaoks\/#primaryimage"},"image":{"@id":"https:\/\/horticom.ee\/e-pood\/vertikaalne-aed-moodne-lahendus-vaikese-aia-jaoks\/#primaryimage"},"thumbnailUrl":"https:\/\/horticom.ee\/e-pood\/wp-content\/uploads\/2018\/03\/60-A24EEpealkiri.png","datePublished":"2018-03-20T14:27:31+00:00","dateModified":"2022-03-02T13:34:46+00:00","author":{"@id":"https:\/\/horticom.ee\/e-pood\/#\/schema\/person\/8f78773e3010619aaa8d6f699ca7289c"},"description":"Tutvu vertikaalse aia v\u00f5imalustega ning saa teada, kuidas see kaasaegne lahendus aitab v\u00e4ikseid aedu s\u00e4\u00e4stlikult ja stiilselt kasutada.","breadcrumb":{"@id":"https:\/\/horticom.ee\/e-pood\/vertikaalne-aed-moodne-lahendus-vaikese-aia-jaoks\/#breadcrumb"},"inLanguage":"et","potentialAction":[{"@type":"ReadAction","target":["https:\/\/horticom.ee\/e-pood\/vertikaalne-aed-moodne-lahendus-vaikese-aia-jaoks\/"]}]},{"@type":"ImageObject","inLanguage":"et","@id":"https:\/\/horticom.ee\/e-pood\/vertikaalne-aed-moodne-lahendus-vaikese-aia-jaoks\/#primaryimage","url":"https:\/\/horticom.ee\/e-pood\/wp-content\/uploads\/2018\/03\/60-A24EEpealkiri.png","contentUrl":"https:\/\/horticom.ee\/e-pood\/wp-content\/uploads\/2018\/03\/60-A24EEpealkiri.png","width":1200,"height":900,"caption":"Heade l\u00f5ikeriistadega l\u00e4heb aiandust\u00f6\u00f6 lenneldes \u2013 leidke sobivad t\u00f6\u00f6vahendid ja nautige aiat\u00f6\u00f6de lihtsustamist."},{"@type":"BreadcrumbList","@id":"https:\/\/horticom.ee\/e-pood\/vertikaalne-aed-moodne-lahendus-vaikese-aia-jaoks\/#breadcrumb","itemListElement":[{"@type":"ListItem","position":1,"name":"Home","item":"https:\/\/horticom.ee\/e-pood\/"},{"@type":"ListItem","position":2,"name":"Vertikaalne aed \u2013 moodne lahendus v\u00e4ikese aia jaoks"}]},{"@type":"WebSite","@id":"https:\/\/horticom.ee\/e-pood\/#website","url":"https:\/\/horticom.ee\/e-pood\/","name":"Horticom.ee","description":"Aianduskaubad ja kodukaubad nii harrastajatele kui professionaalidele","potentialAction":[{"@type":"SearchAction","target":{"@type":"EntryPoint","urlTemplate":"https:\/\/horticom.ee\/e-pood\/?s={search_term_string}"},"query-input":{"@type":"PropertyValueSpecification","valueRequired":true,"valueName":"search_term_string"}}],"inLanguage":"et"},{"@type":"Person","@id":"https:\/\/horticom.ee\/e-pood\/#\/schema\/person\/8f78773e3010619aaa8d6f699ca7289c","name":"tsuurkaev","image":{"@type":"ImageObject","inLanguage":"et","@id":"https:\/\/horticom.ee\/e-pood\/#\/schema\/person\/image\/","url":"https:\/\/secure.gravatar.com\/avatar\/f3a6caefd714766a52f8c5e04180c4d7?s=96&d=mm&r=g","contentUrl":"https:\/\/secure.gravatar.com\/avatar\/f3a6caefd714766a52f8c5e04180c4d7?s=96&d=mm&r=g","caption":"tsuurkaev"},"url":"https:\/\/horticom.ee\/e-pood\/author\/tsuurkaev\/"}]}},"_links":{"self":[{"href":"https:\/\/horticom.ee\/e-pood\/wp-json\/wp\/v2\/posts\/29675","targetHints":{"allow":["GET"]}}],"collection":[{"href":"https:\/\/horticom.ee\/e-pood\/wp-json\/wp\/v2\/posts"}],"about":[{"href":"https:\/\/horticom.ee\/e-pood\/wp-json\/wp\/v2\/types\/post"}],"author":[{"embeddable":true,"href":"https:\/\/horticom.ee\/e-pood\/wp-json\/wp\/v2\/users\/274"}],"replies":[{"embeddable":true,"href":"https:\/\/horticom.ee\/e-pood\/wp-json\/wp\/v2\/comments?post=29675"}],"version-history":[{"count":0,"href":"https:\/\/horticom.ee\/e-pood\/wp-json\/wp\/v2\/posts\/29675\/revisions"}],"wp:featuredmedia":[{"embeddable":true,"href":"https:\/\/horticom.ee\/e-pood\/wp-json\/wp\/v2\/media\/287142"}],"wp:attachment":[{"href":"https:\/\/horticom.ee\/e-pood\/wp-json\/wp\/v2\/media?parent=29675"}],"wp:term":[{"taxonomy":"category","embeddable":true,"href":"https:\/\/horticom.ee\/e-pood\/wp-json\/wp\/v2\/categories?post=29675"},{"taxonomy":"post_tag","embeddable":true,"href":"https:\/\/horticom.ee\/e-pood\/wp-json\/wp\/v2\/tags?post=29675"}],"curies":[{"name":"wp","href":"https:\/\/api.w.org\/{rel}","templated":true}]}}