{"id":30863,"date":"2018-04-11T15:29:55","date_gmt":"2018-04-11T12:29:55","guid":{"rendered":"https:\/\/aednik24.ee\/?p=30863"},"modified":"2018-04-12T12:18:46","modified_gmt":"2018-04-12T09:18:46","slug":"kogukonnaaed","status":"publish","type":"post","link":"https:\/\/horticom.ee\/e-pood\/kogukonnaaed\/","title":{"rendered":"Kogukonnaaed \u2013 p\u00f5nev v\u00e4ljakutse usinatele linnaaednikutele"},"content":{"rendered":"<p>11.04.2018<\/p>\n<p>\u00dcksluises hallikas linnaruumis on \u00fcpris piiratud v\u00f5imalused t\u00f5elisele rohen\u00e4pule. Kevade paiku oleks nii hea pista n\u00e4pud mulda ja lasta aedniku hingel sukelduda aiat\u00f6\u00f6desse. Suvel aga saaks vaadata uhkusega oma k\u00e4tet\u00f6\u00f6d \u2013 silmailu pakkuvaid kirevaid ilupeenraid ja lopsakaid k\u00f6\u00f6giviljapeenraid. Sellele m\u00f5eldes hakkasid Sul n\u00e4pud s\u00fcgelema, aga elad linnas ja pole aiamaad, kus aedniku tungi saaks v\u00e4lja elada? Siis kogukonnaaed on just Sulle!<\/p>\n<p><img loading=\"lazy\" decoding=\"async\" class=\"alignnone wp-image-30865 size-medium\" src=\"https:\/\/horticom.ee\/e-pood\/wp-content\/uploads\/2018\/04\/aed2-300x199.jpg\" alt=\"Aed\" width=\"300\" height=\"199\" srcset=\"https:\/\/horticom.ee\/e-pood\/wp-content\/uploads\/2018\/04\/aed2-300x199.jpg 300w, https:\/\/horticom.ee\/e-pood\/wp-content\/uploads\/2018\/04\/aed2-600x399.jpg 600w, https:\/\/horticom.ee\/e-pood\/wp-content\/uploads\/2018\/04\/aed2-150x100.jpg 150w, https:\/\/horticom.ee\/e-pood\/wp-content\/uploads\/2018\/04\/aed2-768x510.jpg 768w, https:\/\/horticom.ee\/e-pood\/wp-content\/uploads\/2018\/04\/aed2-1024x680.jpg 1024w, https:\/\/horticom.ee\/e-pood\/wp-content\/uploads\/2018\/04\/aed2.jpg 1400w\" sizes=\"auto, (max-width: 300px) 100vw, 300px\" \/> <img loading=\"lazy\" decoding=\"async\" class=\"alignnone wp-image-30867 size-medium\" src=\"https:\/\/horticom.ee\/e-pood\/wp-content\/uploads\/2018\/04\/aed4-300x225.jpg\" alt=\"maitsetaimeaed\" width=\"300\" height=\"225\" srcset=\"https:\/\/horticom.ee\/e-pood\/wp-content\/uploads\/2018\/04\/aed4-300x225.jpg 300w, https:\/\/horticom.ee\/e-pood\/wp-content\/uploads\/2018\/04\/aed4-150x113.jpg 150w, https:\/\/horticom.ee\/e-pood\/wp-content\/uploads\/2018\/04\/aed4.jpg 500w\" sizes=\"auto, (max-width: 300px) 100vw, 300px\" \/><\/p>\n<p>Kogukonnaaed kujutab endast aeda, mis on rajatud usinate linnaelanike poolt linnaruumis t\u00fchjadele kruntidele. Aeda saab rajada nii mahaj\u00e4etud, rohtukasvanud spordiv\u00e4ljakule, parkimisplatsile v\u00f5i mis tahes t\u00fchjale alale, mis asub elamute l\u00e4hi\u00fcmbruses. Iga t\u00fchja lapikest on v\u00f5imalik muuta lopsakaks aiaks!<\/p>\n<p>Linna kogukonnaaia omap\u00e4ra ongi selles, et taimi saab kasvatada kus tahes konteinerites v\u00f5i pottides. Teise s\u00f5naga v\u00f5iks \u00f6elda, et kogukonnaaed tegeleb konteinerkasvatusega. Valitud koht peab olema p\u00e4ikesepaisteline ja veeallika l\u00e4hedal. Peenraid saab teha nagu igas tavalises aias \u2013 taimede kasvatamiseks tuleb kasutada kvaliteetset pinnast ja muidugi v\u00e4etist. Looduslik <a href=\"https:\/\/horticom.ee\/e-pood\/toode\/biohuumusel-pohinev-mullasegu-taimeistikutele-ja-lilledele-seklos-10l\/\" target=\"_blank\" rel=\"noopener\">Seklose biohuumus<\/a> sobib imeliselt k\u00f5ikide taimede v\u00e4etamiseks. Muidugi v\u00f5ib rajada isegi kasvuhoonet, aga see juba n\u00f5uab natuke rohkem t\u00f6\u00f6d ja pingutust, kuid siis saaks kasvatada isegi tomateid, kurke ja paprikat v\u00f5i pipart. Omakasvatatud k\u00f6\u00f6givili maitseb ikka paremini!<\/p>\n<p><img loading=\"lazy\" decoding=\"async\" class=\"alignnone size-medium wp-image-30869\" src=\"https:\/\/horticom.ee\/e-pood\/wp-content\/uploads\/2018\/04\/kogukonnaaed_Tartus2-300x200.jpg\" alt=\"\" width=\"300\" height=\"200\" srcset=\"https:\/\/horticom.ee\/e-pood\/wp-content\/uploads\/2018\/04\/kogukonnaaed_Tartus2-300x200.jpg 300w, https:\/\/horticom.ee\/e-pood\/wp-content\/uploads\/2018\/04\/kogukonnaaed_Tartus2-600x400.jpg 600w, https:\/\/horticom.ee\/e-pood\/wp-content\/uploads\/2018\/04\/kogukonnaaed_Tartus2-150x100.jpg 150w, https:\/\/horticom.ee\/e-pood\/wp-content\/uploads\/2018\/04\/kogukonnaaed_Tartus2-768x512.jpg 768w, https:\/\/horticom.ee\/e-pood\/wp-content\/uploads\/2018\/04\/kogukonnaaed_Tartus2-1024x682.jpg 1024w, https:\/\/horticom.ee\/e-pood\/wp-content\/uploads\/2018\/04\/kogukonnaaed_Tartus2.jpg 1100w\" sizes=\"auto, (max-width: 300px) 100vw, 300px\" \/> <img loading=\"lazy\" decoding=\"async\" class=\"alignnone wp-image-30870 size-medium\" src=\"https:\/\/horticom.ee\/e-pood\/wp-content\/uploads\/2018\/04\/linn2-300x200.jpg\" alt=\"\" width=\"300\" height=\"200\" srcset=\"https:\/\/horticom.ee\/e-pood\/wp-content\/uploads\/2018\/04\/linn2-300x200.jpg 300w, https:\/\/horticom.ee\/e-pood\/wp-content\/uploads\/2018\/04\/linn2-150x100.jpg 150w, https:\/\/horticom.ee\/e-pood\/wp-content\/uploads\/2018\/04\/linn2.jpg 600w\" sizes=\"auto, (max-width: 300px) 100vw, 300px\" \/><\/p>\n<p>Mida rohkem kogukonna liikmeid l\u00f6\u00f6b kaasa ja paneb k\u00e4ed k\u00fclge, seda uhkem aed tuleb. Aia rajamiseks piisab ka kahest-kolmest usinast aktivistist. Kui algus on tehtud ja aed on k\u00e4iku l\u00e4inud, muutub uute huviliste leidmine lihtsamaks. Aias nokitsemine on p\u00f5nev tegevus nii suurtele kui ka v\u00e4ikestele. Kogukonnaaed \u00fchendaks l\u00e4hi\u00fcmbruses elavaid inimesi, mis tagaks tugevama ja \u00fchtekuuluva kogukonna.<\/p>\n<p>Maailmas on kogukonnaaiad \u00fcpris levinud v\u00e4rske toidu kasvatamiseks linnatingimustes. Peamiselt saab kasvatada s\u00f6\u00f6davaid taimi, mis saavad ise hakkama ja on antud kliimas levinud. Esmase valiku peaks tegema permakultuuri kasuks, kus k\u00f5ik taimed kasvavad segamini. Kindlasti v\u00f5iks taimede valikul l\u00e4htuda ka sellest, et \u00f5itsevad taimed meelitaksid aeda mesilasi, liblikaid ja teisi kasulikke putukaid. N\u00e4iteks <a href=\"https:\/\/horticom.ee\/e-pood\/tootekategooria\/seemned\/koogiviljaseemned\/?pa_a24_liik=majoraan\" target=\"_blank\" rel=\"noopener\">majoraan<\/a> meelitab liblikaid. <a href=\"https:\/\/horticom.ee\/e-pood\/tootekategooria\/seemned\/koogiviljaseemned\/?pa_a24_liik=kurgirohi\" target=\"_blank\" rel=\"noopener\">Kurgirohi<\/a> ja <a href=\"https:\/\/horticom.ee\/e-pood\/tootekategooria\/seemned\/lilleseemned\/?pa_a24_liik=saialill\" target=\"_blank\" rel=\"noopener\">saialill<\/a> meelitavad tublisti kasulikke putukaid. \u00d5itsev <a href=\"https:\/\/horticom.ee\/e-pood\/tootekategooria\/seemned\/koogiviljaseemned\/?pa_a24_liik=till\" target=\"_blank\" rel=\"noopener\">till<\/a> ja <a href=\"https:\/\/horticom.ee\/e-pood\/tootekategooria\/seemned\/koogiviljaseemned\/?pa_a24_liik=koriander\" target=\"_blank\" rel=\"noopener\">koriander<\/a> suurendaksid kindlasti sirelaste arvukust aias, siis on ka aias v\u00e4hem lehet\u00e4isid.<\/p>\n<p>Kogukonnaaed on t\u00f5eliselt tore v\u00e4ljakutse, mis r\u00f5\u00f5mustaks linnaednike ja muudaks ka hallika, \u00fcksluise linna rohelisemaks.<\/p>\n<p><img loading=\"lazy\" decoding=\"async\" class=\"alignnone size-medium wp-image-30872\" src=\"https:\/\/horticom.ee\/e-pood\/wp-content\/uploads\/2018\/04\/tagaaed-300x205.jpg\" alt=\"\" width=\"300\" height=\"205\" srcset=\"https:\/\/horticom.ee\/e-pood\/wp-content\/uploads\/2018\/04\/tagaaed-300x205.jpg 300w, https:\/\/horticom.ee\/e-pood\/wp-content\/uploads\/2018\/04\/tagaaed-600x410.jpg 600w, https:\/\/horticom.ee\/e-pood\/wp-content\/uploads\/2018\/04\/tagaaed-150x102.jpg 150w, https:\/\/horticom.ee\/e-pood\/wp-content\/uploads\/2018\/04\/tagaaed-768x524.jpg 768w, https:\/\/horticom.ee\/e-pood\/wp-content\/uploads\/2018\/04\/tagaaed-1024x699.jpg 1024w, https:\/\/horticom.ee\/e-pood\/wp-content\/uploads\/2018\/04\/tagaaed.jpg 1500w\" sizes=\"auto, (max-width: 300px) 100vw, 300px\" \/> <img loading=\"lazy\" decoding=\"async\" class=\"alignnone size-medium wp-image-30874\" src=\"https:\/\/horticom.ee\/e-pood\/wp-content\/uploads\/2018\/04\/aed-300x200.jpg\" alt=\"\" width=\"300\" height=\"200\" srcset=\"https:\/\/horticom.ee\/e-pood\/wp-content\/uploads\/2018\/04\/aed-300x200.jpg 300w, https:\/\/horticom.ee\/e-pood\/wp-content\/uploads\/2018\/04\/aed-600x400.jpg 600w, https:\/\/horticom.ee\/e-pood\/wp-content\/uploads\/2018\/04\/aed-150x100.jpg 150w, https:\/\/horticom.ee\/e-pood\/wp-content\/uploads\/2018\/04\/aed-768x512.jpg 768w, https:\/\/horticom.ee\/e-pood\/wp-content\/uploads\/2018\/04\/aed.jpg 1000w\" sizes=\"auto, (max-width: 300px) 100vw, 300px\" \/><\/p>\n","protected":false},"excerpt":{"rendered":"<p>11.04.2018 \u00dcksluises hallikas linnaruumis on \u00fcpris piiratud v\u00f5imalused t\u00f5elisele rohen\u00e4pule. Kevade paiku oleks nii hea pista n\u00e4pud mulda ja lasta aedniku hingel sukelduda aiat\u00f6\u00f6desse. Suvel aga saaks vaadata uhkusega oma k\u00e4tet\u00f6\u00f6d \u2013 silmailu pakkuvaid kirevaid ilupeenraid ja lopsakaid k\u00f6\u00f6giviljapeenraid. Sellele m\u00f5eldes hakkasid Sul n\u00e4pud s\u00fcgelema, aga elad linnas ja pole aiamaad, kus aedniku tungi saaks [&hellip;]<\/p>\n","protected":false},"author":310,"featured_media":30864,"comment_status":"closed","ping_status":"closed","sticky":false,"template":"","format":"standard","meta":{"_themeisle_gutenberg_block_has_review":false,"footnotes":""},"categories":[4533],"tags":[],"class_list":["post-30863","post","type-post","status-publish","format-standard","has-post-thumbnail","hentry","category-inspiratsioon"],"yoast_head":"<!-- This site is optimized with the Yoast SEO plugin v24.0 - https:\/\/yoast.com\/wordpress\/plugins\/seo\/ -->\n<title>Kogukonnaaed \u2013 v\u00e4ljakutse usinatele linnaaednikutele<\/title>\n<meta name=\"description\" content=\"Uuri, kuidas rajada ja hoida korras kogukonnaaeda, kus saavad kohalikud elanikud koos osaleda ja aiapidamise r\u00f5\u00f5me jagada.\" \/>\n<meta name=\"robots\" content=\"index, follow, max-snippet:-1, max-image-preview:large, max-video-preview:-1\" \/>\n<link rel=\"canonical\" href=\"https:\/\/horticom.ee\/e-pood\/kogukonnaaed\/\" \/>\n<meta property=\"og:locale\" content=\"et_EE\" \/>\n<meta property=\"og:type\" content=\"article\" \/>\n<meta property=\"og:title\" content=\"Kogukonnaaed \u2013 v\u00e4ljakutse usinatele linnaaednikutele\" \/>\n<meta property=\"og:description\" content=\"Uuri, kuidas rajada ja hoida korras kogukonnaaeda, kus saavad kohalikud elanikud koos osaleda ja aiapidamise r\u00f5\u00f5me jagada.\" \/>\n<meta property=\"og:url\" content=\"https:\/\/horticom.ee\/e-pood\/kogukonnaaed\/\" \/>\n<meta property=\"og:site_name\" content=\"Horticom.ee\" \/>\n<meta property=\"article:publisher\" content=\"https:\/\/www.facebook.com\/horticom.ee\/e-pood\" \/>\n<meta property=\"article:published_time\" content=\"2018-04-11T12:29:55+00:00\" \/>\n<meta property=\"article:modified_time\" content=\"2018-04-12T09:18:46+00:00\" \/>\n<meta property=\"og:image\" content=\"https:\/\/horticom.ee\/e-pood\/wp-content\/uploads\/2018\/04\/kogukonnaaed-esipilt.jpg\" \/>\n\t<meta property=\"og:image:width\" content=\"1200\" \/>\n\t<meta property=\"og:image:height\" content=\"900\" \/>\n\t<meta property=\"og:image:type\" content=\"image\/jpeg\" \/>\n<meta name=\"author\" content=\"Karmen Lehtla\" \/>\n<meta name=\"twitter:card\" content=\"summary_large_image\" \/>\n<meta name=\"twitter:label1\" content=\"Written by\" \/>\n\t<meta name=\"twitter:data1\" content=\"Karmen Lehtla\" \/>\n\t<meta name=\"twitter:label2\" content=\"Est. reading time\" \/>\n\t<meta name=\"twitter:data2\" content=\"2 minutit\" \/>\n<script type=\"application\/ld+json\" class=\"yoast-schema-graph\">{\"@context\":\"https:\/\/schema.org\",\"@graph\":[{\"@type\":\"WebPage\",\"@id\":\"https:\/\/horticom.ee\/e-pood\/kogukonnaaed\/\",\"url\":\"https:\/\/horticom.ee\/e-pood\/kogukonnaaed\/\",\"name\":\"Kogukonnaaed \u2013 v\u00e4ljakutse usinatele linnaaednikutele\",\"isPartOf\":{\"@id\":\"https:\/\/horticom.ee\/e-pood\/#website\"},\"primaryImageOfPage\":{\"@id\":\"https:\/\/horticom.ee\/e-pood\/kogukonnaaed\/#primaryimage\"},\"image\":{\"@id\":\"https:\/\/horticom.ee\/e-pood\/kogukonnaaed\/#primaryimage\"},\"thumbnailUrl\":\"https:\/\/horticom.ee\/e-pood\/wp-content\/uploads\/2018\/04\/kogukonnaaed-esipilt.jpg\",\"datePublished\":\"2018-04-11T12:29:55+00:00\",\"dateModified\":\"2018-04-12T09:18:46+00:00\",\"author\":{\"@id\":\"https:\/\/horticom.ee\/e-pood\/#\/schema\/person\/d7c3240e4ede643c7d90e485ba553b4d\"},\"description\":\"Uuri, kuidas rajada ja hoida korras kogukonnaaeda, kus saavad kohalikud elanikud koos osaleda ja aiapidamise r\u00f5\u00f5me jagada.\",\"breadcrumb\":{\"@id\":\"https:\/\/horticom.ee\/e-pood\/kogukonnaaed\/#breadcrumb\"},\"inLanguage\":\"et\",\"potentialAction\":[{\"@type\":\"ReadAction\",\"target\":[\"https:\/\/horticom.ee\/e-pood\/kogukonnaaed\/\"]}]},{\"@type\":\"ImageObject\",\"inLanguage\":\"et\",\"@id\":\"https:\/\/horticom.ee\/e-pood\/kogukonnaaed\/#primaryimage\",\"url\":\"https:\/\/horticom.ee\/e-pood\/wp-content\/uploads\/2018\/04\/kogukonnaaed-esipilt.jpg\",\"contentUrl\":\"https:\/\/horticom.ee\/e-pood\/wp-content\/uploads\/2018\/04\/kogukonnaaed-esipilt.jpg\",\"width\":1200,\"height\":900,\"caption\":\"Kogukonnaaed \u2013 lugege, kuidas saate osaleda selle p\u00f5neva v\u00e4ljakutsega usinate linnaaednikuna.\"},{\"@type\":\"BreadcrumbList\",\"@id\":\"https:\/\/horticom.ee\/e-pood\/kogukonnaaed\/#breadcrumb\",\"itemListElement\":[{\"@type\":\"ListItem\",\"position\":1,\"name\":\"Home\",\"item\":\"https:\/\/horticom.ee\/e-pood\/\"},{\"@type\":\"ListItem\",\"position\":2,\"name\":\"Kogukonnaaed \u2013 p\u00f5nev v\u00e4ljakutse usinatele linnaaednikutele\"}]},{\"@type\":\"WebSite\",\"@id\":\"https:\/\/horticom.ee\/e-pood\/#website\",\"url\":\"https:\/\/horticom.ee\/e-pood\/\",\"name\":\"Horticom.ee\",\"description\":\"Aianduskaubad ja kodukaubad nii harrastajatele kui professionaalidele\",\"potentialAction\":[{\"@type\":\"SearchAction\",\"target\":{\"@type\":\"EntryPoint\",\"urlTemplate\":\"https:\/\/horticom.ee\/e-pood\/?s={search_term_string}\"},\"query-input\":{\"@type\":\"PropertyValueSpecification\",\"valueRequired\":true,\"valueName\":\"search_term_string\"}}],\"inLanguage\":\"et\"},{\"@type\":\"Person\",\"@id\":\"https:\/\/horticom.ee\/e-pood\/#\/schema\/person\/d7c3240e4ede643c7d90e485ba553b4d\",\"name\":\"Karmen Lehtla\",\"image\":{\"@type\":\"ImageObject\",\"inLanguage\":\"et\",\"@id\":\"https:\/\/horticom.ee\/e-pood\/#\/schema\/person\/image\/\",\"url\":\"https:\/\/secure.gravatar.com\/avatar\/8720e966e9d4a992867f48132a4ef555?s=96&d=mm&r=g\",\"contentUrl\":\"https:\/\/secure.gravatar.com\/avatar\/8720e966e9d4a992867f48132a4ef555?s=96&d=mm&r=g\",\"caption\":\"Karmen Lehtla\"},\"url\":\"https:\/\/horticom.ee\/e-pood\/author\/klehtla\/\"}]}<\/script>\n<!-- \/ Yoast SEO plugin. -->","yoast_head_json":{"title":"Kogukonnaaed \u2013 v\u00e4ljakutse usinatele linnaaednikutele","description":"Uuri, kuidas rajada ja hoida korras kogukonnaaeda, kus saavad kohalikud elanikud koos osaleda ja aiapidamise r\u00f5\u00f5me jagada.","robots":{"index":"index","follow":"follow","max-snippet":"max-snippet:-1","max-image-preview":"max-image-preview:large","max-video-preview":"max-video-preview:-1"},"canonical":"https:\/\/horticom.ee\/e-pood\/kogukonnaaed\/","og_locale":"et_EE","og_type":"article","og_title":"Kogukonnaaed \u2013 v\u00e4ljakutse usinatele linnaaednikutele","og_description":"Uuri, kuidas rajada ja hoida korras kogukonnaaeda, kus saavad kohalikud elanikud koos osaleda ja aiapidamise r\u00f5\u00f5me jagada.","og_url":"https:\/\/horticom.ee\/e-pood\/kogukonnaaed\/","og_site_name":"Horticom.ee","article_publisher":"https:\/\/www.facebook.com\/horticom.ee\/e-pood","article_published_time":"2018-04-11T12:29:55+00:00","article_modified_time":"2018-04-12T09:18:46+00:00","og_image":[{"width":1200,"height":900,"url":"https:\/\/horticom.ee\/e-pood\/wp-content\/uploads\/2018\/04\/kogukonnaaed-esipilt.jpg","type":"image\/jpeg"}],"author":"Karmen Lehtla","twitter_card":"summary_large_image","twitter_misc":{"Written by":"Karmen Lehtla","Est. reading time":"2 minutit"},"schema":{"@context":"https:\/\/schema.org","@graph":[{"@type":"WebPage","@id":"https:\/\/horticom.ee\/e-pood\/kogukonnaaed\/","url":"https:\/\/horticom.ee\/e-pood\/kogukonnaaed\/","name":"Kogukonnaaed \u2013 v\u00e4ljakutse usinatele linnaaednikutele","isPartOf":{"@id":"https:\/\/horticom.ee\/e-pood\/#website"},"primaryImageOfPage":{"@id":"https:\/\/horticom.ee\/e-pood\/kogukonnaaed\/#primaryimage"},"image":{"@id":"https:\/\/horticom.ee\/e-pood\/kogukonnaaed\/#primaryimage"},"thumbnailUrl":"https:\/\/horticom.ee\/e-pood\/wp-content\/uploads\/2018\/04\/kogukonnaaed-esipilt.jpg","datePublished":"2018-04-11T12:29:55+00:00","dateModified":"2018-04-12T09:18:46+00:00","author":{"@id":"https:\/\/horticom.ee\/e-pood\/#\/schema\/person\/d7c3240e4ede643c7d90e485ba553b4d"},"description":"Uuri, kuidas rajada ja hoida korras kogukonnaaeda, kus saavad kohalikud elanikud koos osaleda ja aiapidamise r\u00f5\u00f5me jagada.","breadcrumb":{"@id":"https:\/\/horticom.ee\/e-pood\/kogukonnaaed\/#breadcrumb"},"inLanguage":"et","potentialAction":[{"@type":"ReadAction","target":["https:\/\/horticom.ee\/e-pood\/kogukonnaaed\/"]}]},{"@type":"ImageObject","inLanguage":"et","@id":"https:\/\/horticom.ee\/e-pood\/kogukonnaaed\/#primaryimage","url":"https:\/\/horticom.ee\/e-pood\/wp-content\/uploads\/2018\/04\/kogukonnaaed-esipilt.jpg","contentUrl":"https:\/\/horticom.ee\/e-pood\/wp-content\/uploads\/2018\/04\/kogukonnaaed-esipilt.jpg","width":1200,"height":900,"caption":"Kogukonnaaed \u2013 lugege, kuidas saate osaleda selle p\u00f5neva v\u00e4ljakutsega usinate linnaaednikuna."},{"@type":"BreadcrumbList","@id":"https:\/\/horticom.ee\/e-pood\/kogukonnaaed\/#breadcrumb","itemListElement":[{"@type":"ListItem","position":1,"name":"Home","item":"https:\/\/horticom.ee\/e-pood\/"},{"@type":"ListItem","position":2,"name":"Kogukonnaaed \u2013 p\u00f5nev v\u00e4ljakutse usinatele linnaaednikutele"}]},{"@type":"WebSite","@id":"https:\/\/horticom.ee\/e-pood\/#website","url":"https:\/\/horticom.ee\/e-pood\/","name":"Horticom.ee","description":"Aianduskaubad ja kodukaubad nii harrastajatele kui professionaalidele","potentialAction":[{"@type":"SearchAction","target":{"@type":"EntryPoint","urlTemplate":"https:\/\/horticom.ee\/e-pood\/?s={search_term_string}"},"query-input":{"@type":"PropertyValueSpecification","valueRequired":true,"valueName":"search_term_string"}}],"inLanguage":"et"},{"@type":"Person","@id":"https:\/\/horticom.ee\/e-pood\/#\/schema\/person\/d7c3240e4ede643c7d90e485ba553b4d","name":"Karmen Lehtla","image":{"@type":"ImageObject","inLanguage":"et","@id":"https:\/\/horticom.ee\/e-pood\/#\/schema\/person\/image\/","url":"https:\/\/secure.gravatar.com\/avatar\/8720e966e9d4a992867f48132a4ef555?s=96&d=mm&r=g","contentUrl":"https:\/\/secure.gravatar.com\/avatar\/8720e966e9d4a992867f48132a4ef555?s=96&d=mm&r=g","caption":"Karmen Lehtla"},"url":"https:\/\/horticom.ee\/e-pood\/author\/klehtla\/"}]}},"_links":{"self":[{"href":"https:\/\/horticom.ee\/e-pood\/wp-json\/wp\/v2\/posts\/30863","targetHints":{"allow":["GET"]}}],"collection":[{"href":"https:\/\/horticom.ee\/e-pood\/wp-json\/wp\/v2\/posts"}],"about":[{"href":"https:\/\/horticom.ee\/e-pood\/wp-json\/wp\/v2\/types\/post"}],"author":[{"embeddable":true,"href":"https:\/\/horticom.ee\/e-pood\/wp-json\/wp\/v2\/users\/310"}],"replies":[{"embeddable":true,"href":"https:\/\/horticom.ee\/e-pood\/wp-json\/wp\/v2\/comments?post=30863"}],"version-history":[{"count":0,"href":"https:\/\/horticom.ee\/e-pood\/wp-json\/wp\/v2\/posts\/30863\/revisions"}],"wp:featuredmedia":[{"embeddable":true,"href":"https:\/\/horticom.ee\/e-pood\/wp-json\/wp\/v2\/media\/30864"}],"wp:attachment":[{"href":"https:\/\/horticom.ee\/e-pood\/wp-json\/wp\/v2\/media?parent=30863"}],"wp:term":[{"taxonomy":"category","embeddable":true,"href":"https:\/\/horticom.ee\/e-pood\/wp-json\/wp\/v2\/categories?post=30863"},{"taxonomy":"post_tag","embeddable":true,"href":"https:\/\/horticom.ee\/e-pood\/wp-json\/wp\/v2\/tags?post=30863"}],"curies":[{"name":"wp","href":"https:\/\/api.w.org\/{rel}","templated":true}]}}